{"id":24023,"date":"2026-01-10T17:03:29","date_gmt":"2026-01-10T16:03:29","guid":{"rendered":"https:\/\/nachhaltiger24.ch\/?p=24023"},"modified":"2026-01-10T17:03:30","modified_gmt":"2026-01-10T16:03:30","slug":"debatte-um-den-lohn-der-srg-direktorin-gesellschaftliche-relevanz-und-politische-auswirkungen","status":"publish","type":"post","link":"https:\/\/nachhaltiger24.ch\/it\/debatte-um-den-lohn-der-srg-direktorin-gesellschaftliche-relevanz-und-politische-auswirkungen\/","title":{"rendered":"Debatte um den Lohn der SRG-Direktorin: Gesellschaftliche Relevanz und politische Auswirkungen"},"content":{"rendered":"<p>Die Diskussion \u00fcber den Lohn von Susanne Wille, der Generaldirektorin der Schweizerischen Radio- und Fernsehgesellschaft (SRG), hat sowohl bei politischen Parteien als auch in der \u00d6ffentlichkeit f\u00fcr erhebliches Aufsehen gesorgt. Mit einem Jahresgehalt von 499&#8217;000 Franken, welches durch Nebenleistungen auf 518&#8217;000 Franken ansteigt, ger\u00e4t Wille zunehmend in die Schusslinie von Kritikern aus unterschiedlichen politischen Lagern. Diese Auseinandersetzung f\u00e4llt vor dem Hintergrund der Halbierungsinitiative, die eine Reduzierung der Geb\u00fchren f\u00fcr den staatlichen Rundfunk fordert.<\/p>\n<div class='section'>\n<h2>Hintergrund der Lohnkritik<\/h2>\n<p>Der Lohn von Susanne Wille ist nicht nur eine Zahl, sondern ein Symbol f\u00fcr die breitere Debatte \u00fcber die Finanzierung der SRG und deren gesellschaftliche Rolle. W\u00e4hrend die SRG von einem R\u00fcckgang der Geb\u00fchren durch die Zitrone spricht, die ausgepresst sei, fordern sowohl die SVP als auch die Gewerkschaft &#171;Die Freie Arbeiter Union&#187; (FAU), dass Wille\u2019s Gehalt reduziert wird.<\/p>\n<ul>\n<li>Die SVP sieht in der H\u00f6he des Gehalts von Susanne Wille ein unverh\u00e4ltnism\u00e4ssiges Entgelt im Vergleich zu den Herausforderungen, mit denen die SRG konfrontiert ist.<\/li>\n<li>Die FAU argumentiert, dass in Zeiten von strukturellem Stellenabbau und Jobunsicherheit bei den Mitarbeitenden der SRG andere Einsparpotentiale Priorit\u00e4t haben sollten.<\/li>\n<\/ul>\n<\/div>\n<div class='section'>\n<h2>\u00d6ffentliche und politische Reaktionen<\/h2>\n<p>Thomas Knutti, SVP-Nationalrat, bezeichnete Wille\u2019s Gehalt als &#171;inakzeptabel&#187; und fordert, dass die Gesch\u00e4ftsleitungsgeh\u00e4lter auf ein &#171;vern\u00fcnftiges Niveau&#187; gesenkt werden. Diese Forderung wird von der FAU unterst\u00fctzt, die auf die prek\u00e4re Lage vieler Mitarbeitenden verweist, die um ihre Arbeitspl\u00e4tze bangen. <\/p>\n<p>Wille\u2019s Gehalt von 45&#8217;000 Franken pro Monat wird von vielen als \u00fcbertrieben empfunden, insbesondere in Anbetracht der sinkenden Einnahmen durch Geb\u00fchren und der damit verbundenen Einsparungen, die wahrscheinlich auch die Belegschaft betreffen werden.<\/p>\n<\/div>\n<div class='section'>\n<h2>Die Sicht der SRG: Marktdurchschnitt und Transparenz<\/h2>\n<p>Die SRG verteidigt Wille\u2019s Gehalt und betont, dass die Verg\u00fctung der Gesch\u00e4ftsf\u00fchrung dem Marktdurchschnitt im \u00f6ffentlichen Sektor entspreche. Ein Mediensprecher der SRG stellte klar, dass die L\u00f6hne in diesem Bereich nicht zur Diskussion st\u00fcnden, insbesondere nicht im Rahmen des angek\u00fcndigten Stellenabbaus, bei dem die Anzahl der Gesch\u00e4ftsleitungsmitglieder von acht auf sieben reduziert wird.<\/p>\n<p>Es wird argumentiert, dass die Verg\u00fctung der Gesch\u00e4ftsleitung von der Delegiertenversammlung, dem obersten Organ der SRG, geregelt wird. In diesem Kontext verweist die SRG auch darauf, dass ihre Geh\u00e4lter im Vergleich zu anderen bundesnahen Betrieben im unteren Mittelfeld angesiedelt sind.<\/p>\n<\/div>\n<div class='section'>\n<h2>Gegens\u00e4tzliche Meinungen zur Halbierungsinitiative<\/h2>\n<p>Die Debatte um die L\u00f6hne wird von verschiedenen Akteuren als Ablenkungsman\u00f6ver betrachtet. Hans-Ulrich Bigler, ehemaliger Direktor des Schweizerischen Gewerbeverbands und Mitglied des Initiativkomitees, sieht die Diskussion als &#171;Scheindebatte&#187;. Er erl\u00e4utert, dass es bei der Abstimmung zur Halbierungsinitiative nicht um Lohnk\u00fcrzungen gehe, sondern um den verfassungsm\u00e4ssigen Auftrag der SRG, die sich auf ihre Kernaufgaben konzentrieren solle.<\/p>\n<p>Bigler betont, dass Lohnk\u00fcrzungen in der H\u00f6he von ein paar hunderttausend Franken keinen substanziellen Einfluss auf das Budget der SRG h\u00e4tten und ausreichend Ressourcen f\u00fcr die Leistungen bereitgestellt werden m\u00fcssten, die die \u00d6ffentlichkeit von der SRG erwartet.<\/p>\n<\/div>\n<div class='section'>\n<h2>Finanzielle Trends und gesellschaftliche Erwartungen<\/h2>\n<p>Eine Umfrage des Forschungsinstituts gfs.bern zeigt, dass die \u00f6ffentliche Meinung in der <a href=\"https:\/\/nachhaltiger24.ch\/it\/die-sichersten-laender-in-krisenzeiten-schweiz-auf-platz-1\/\">Schweiz<\/a> gespalten ist. Rund 63% der Befragten unterst\u00fctzen die Halbierungsinitiative als einen notwendigen Schritt, um die Geb\u00fchrenlast auf die B\u00fcrger zu reduzieren. Dies zeigt, dass ein erhebliches Bed\u00fcrfnis nach Transparenz, Sparmassnahmen und einer kritischen Auseinandersetzung mit den Finanzen der SRG vorhanden ist.<\/p>\n<p>In Anbetracht der schwierigen finanziellen Lage, die durch eine steigende Anzahl an Streaming-Diensten und sich ver\u00e4ndernde Konsumgewohnheiten gepr\u00e4gt ist, wird deutlich, dass die SRG auf die Herausforderungen des modernen Medienkonsums reagieren muss. Die Wettbewerbssituation im Mediensektor zwingt die SRG, ihre Angebote zu hinterfragen und anzupassen, um relevant zu bleiben.<\/p>\n<\/div>\n<div class='section'>\n<h2>Fazit: Die Zukunft der SRG und ihre F\u00fchrung<\/h2>\n<p>Die Diskussion um den Lohn von Susanne Wille ist ein bedeutendes Signal f\u00fcr die zuk\u00fcnftige Ausrichtung der SRG. Die Forderungen nach Lohnsenkungen und Transparenz m\u00fcssen im Kontext der vertexteten Ressourcen und der \u00f6ffentlichen Erwartungen gesehen werden. Ob und wie sich die Geh\u00e4lter in der oberen F\u00fchrungsebene der SRG \u00e4ndern werden, bleibt abzuwarten. Fest steht, dass die gesellschaftlichen und politischen Rahmenbedingungen zunehmend Druck auf die SRG aus\u00fcben werden, um eine nachhaltige und verantwortungsvolle Medienlandschaft zu f\u00f6rdern.<\/p>\n<\/div>","protected":false},"excerpt":{"rendered":"<p>Die Debatte um den Lohn von Susanne Wille, Generaldirektorin der SRG, sorgt f\u00fcr politische Spannungen. Forderungen nach Lohnsenkungen treffen auf die Verteidigung der SRG, die ihre Geh\u00e4lter als marktgerecht ansieht.<\/p>","protected":false},"author":67,"featured_media":24733,"comment_status":"closed","ping_status":"open","sticky":false,"template":"","format":"standard","meta":{"footnotes":""},"categories":[1,136],"tags":[1175,1176,1177,924,1174,1178],"class_list":{"0":"post-24023","1":"post","2":"type-post","3":"status-publish","4":"format-standard","5":"has-post-thumbnail","7":"category-allgemein","8":"category-neueste-nachrichten","9":"tag-gehaltsdebatte","10":"tag-halbierungsinitiative","11":"tag-medien","12":"tag-politik","13":"tag-srg","14":"tag-transparenz"},"_links":{"self":[{"href":"https:\/\/nachhaltiger24.ch\/it\/wp-json\/wp\/v2\/posts\/24023","targetHints":{"allow":["GET"]}}],"collection":[{"href":"https:\/\/nachhaltiger24.ch\/it\/wp-json\/wp\/v2\/posts"}],"about":[{"href":"https:\/\/nachhaltiger24.ch\/it\/wp-json\/wp\/v2\/types\/post"}],"author":[{"embeddable":true,"href":"https:\/\/nachhaltiger24.ch\/it\/wp-json\/wp\/v2\/users\/67"}],"replies":[{"embeddable":true,"href":"https:\/\/nachhaltiger24.ch\/it\/wp-json\/wp\/v2\/comments?post=24023"}],"version-history":[{"count":2,"href":"https:\/\/nachhaltiger24.ch\/it\/wp-json\/wp\/v2\/posts\/24023\/revisions"}],"predecessor-version":[{"id":24732,"href":"https:\/\/nachhaltiger24.ch\/it\/wp-json\/wp\/v2\/posts\/24023\/revisions\/24732"}],"wp:featuredmedia":[{"embeddable":true,"href":"https:\/\/nachhaltiger24.ch\/it\/wp-json\/wp\/v2\/media\/24733"}],"wp:attachment":[{"href":"https:\/\/nachhaltiger24.ch\/it\/wp-json\/wp\/v2\/media?parent=24023"}],"wp:term":[{"taxonomy":"category","embeddable":true,"href":"https:\/\/nachhaltiger24.ch\/it\/wp-json\/wp\/v2\/categories?post=24023"},{"taxonomy":"post_tag","embeddable":true,"href":"https:\/\/nachhaltiger24.ch\/it\/wp-json\/wp\/v2\/tags?post=24023"}],"curies":[{"name":"wp","href":"https:\/\/api.w.org\/{rel}","templated":true}]}}